{"id":9397,"date":"2023-03-29T19:31:44","date_gmt":"2023-03-29T17:31:44","guid":{"rendered":"https:\/\/www.apf.ruhr-uni-bochum.de\/2023\/03\/humaine-spring-fair-2023\/"},"modified":"2023-03-29T19:31:44","modified_gmt":"2023-03-29T17:31:44","slug":"humaine-spring-fair-2023","status":"publish","type":"post","link":"https:\/\/www.apf.ruhr-uni-bochum.de\/en\/2023\/03\/humaine-spring-fair-2023\/","title":{"rendered":"HUMAINE Spring Fair 2023"},"content":{"rendered":"<p style=\"text-align: center;\">Picture \u00a9RUB, Marquard<\/p>\n<p><strong>On March 23, 2023, more than 100 guests accepted the invitation of the HUMAINE Competence Center to attend their public meta-milestone meeting in the form of a Spring Fair. <\/strong><\/p>\n<p><strong>The human being at the center of work with artificial intelligence<\/strong><\/p>\n<p>The Metropole Ruhr regional competence center HUMAINE helps companies unleash the full potential of their AI solutions by establishing a human-centered process approach that ensures all relevant parties are involved in AI development, implementation and use. This reduces acceptance problems and sets the foundation for increasing profitability and better living and working conditions. The interdisciplinary team from various fields such as labor sciences, computer sciences or engineering sciences, together with the practical partners of the consortium, presented the project results of the last two years in the form of the HUMAINE spring fair in the new research building ZESS.<\/p>\n\n\t\t<style type=\"text\/css\">\n\t\t\t#gallery-1 {\n\t\t\t\tmargin: auto;\n\t\t\t}\n\t\t\t#gallery-1 .gallery-item {\n\t\t\t\tfloat: left;\n\t\t\t\tmargin-top: 10px;\n\t\t\t\ttext-align: center;\n\t\t\t\twidth: 33%;\n\t\t\t}\n\t\t\t#gallery-1 img {\n\t\t\t\tborder: 2px solid #cfcfcf;\n\t\t\t}\n\t\t\t#gallery-1 .gallery-caption {\n\t\t\t\tmargin-left: 0;\n\t\t\t}\n\t\t\t\/* see gallery_shortcode() in wp-includes\/media.php *\/\n\t\t<\/style>\n\t\t<div id='gallery-1' class='gallery galleryid-9397 gallery-columns-3 gallery-size-thumbnail'><dl class='gallery-item'>\n\t\t\t<dt class='gallery-icon landscape'>\n\t\t\t\t<a data-rel=\"iLightbox[postimages]\" data-title=\"RUB; Fl\u00fchjahrsmesse, Humaine\" data-caption=\"Die Bilder d\u00fcrfen nur im Kontext der Ruhr-Universit\u00e4t Bochum (RUB) unter Angabe des Copyrights \u00a9 RUB, Marquard verwendet werden, zum Beispiel f\u00fcr Webseiten der RUB sowie f\u00fcr Texte oder Webseiten, die sich speziell mit Ereignissen an der RUB oder Leistungen von RUB-Mitgliedern besch\u00e4ftigen. Die Bilder d\u00fcrfen nicht in Kontexten verwendet werden, in denen die RUB nur stellvertretend f\u00fcr Hochschulen im Allgemeinen steht.\" href='https:\/\/www.apf.ruhr-uni-bochum.de\/en\/2023\/03\/humaine-spring-fair-2023\/rub-fluehjahrsmesse-humaine-2\/'><img decoding=\"async\" width=\"150\" height=\"150\" src=\"https:\/\/www.apf.ruhr-uni-bochum.de\/wp-content\/uploads\/2023\/03\/2023_03_23_KM_humaine_Fruehjahrsmesse-10-300x200-1-150x150.jpg\" class=\"attachment-thumbnail size-thumbnail\" alt=\"\" aria-describedby=\"gallery-1-8901\" srcset=\"https:\/\/www.apf.ruhr-uni-bochum.de\/wp-content\/uploads\/2023\/03\/2023_03_23_KM_humaine_Fruehjahrsmesse-10-300x200-1-66x66.jpg 66w, https:\/\/www.apf.ruhr-uni-bochum.de\/wp-content\/uploads\/2023\/03\/2023_03_23_KM_humaine_Fruehjahrsmesse-10-300x200-1-150x150.jpg 150w\" sizes=\"(max-width: 150px) 100vw, 150px\" \/><\/a>\n\t\t\t<\/dt>\n\t\t\t\t<dd class='wp-caption-text gallery-caption' id='gallery-1-8901'>\n\t\t\t\tDie Bilder d\u00fcrfen nur im Kontext der Ruhr-Universit\u00e4t Bochum (RUB) unter Angabe des Copyrights \u00a9 RUB, Marquard verwendet werden, zum Beispiel f\u00fcr Webseiten der RUB sowie f\u00fcr Texte oder Webseiten, die sich speziell mit Ereignissen an der RUB oder Leistungen von RUB-Mitgliedern besch\u00e4ftigen. Die Bilder d\u00fcrfen nicht in Kontexten verwendet werden, in denen die RUB nur stellvertretend f\u00fcr Hochschulen im Allgemeinen steht.\n\t\t\t\t<\/dd><\/dl><dl class='gallery-item'>\n\t\t\t<dt class='gallery-icon landscape'>\n\t\t\t\t<a data-rel=\"iLightbox[postimages]\" data-title=\"RUB; Fl\u00fchjahrsmesse, Humaine\" data-caption=\"Die Bilder d\u00fcrfen nur im Kontext der Ruhr-Universit\u00e4t Bochum (RUB) unter Angabe des Copyrights \u00a9 RUB, Marquard verwendet werden, zum Beispiel f\u00fcr Webseiten der RUB sowie f\u00fcr Texte oder Webseiten, die sich speziell mit Ereignissen an der RUB oder Leistungen von RUB-Mitgliedern besch\u00e4ftigen. Die Bilder d\u00fcrfen nicht in Kontexten verwendet werden, in denen die RUB nur stellvertretend f\u00fcr Hochschulen im Allgemeinen steht.\" href='https:\/\/www.apf.ruhr-uni-bochum.de\/en\/2023\/03\/humaine-spring-fair-2023\/rub-fluehjahrsmesse-humaine-2-2\/'><img decoding=\"async\" width=\"150\" height=\"150\" src=\"https:\/\/www.apf.ruhr-uni-bochum.de\/wp-content\/uploads\/2023\/03\/2023_03_23_KM_humaine_Fruehjahrsmesse-1-300x200-1-150x150.jpg\" class=\"attachment-thumbnail size-thumbnail\" alt=\"\" aria-describedby=\"gallery-1-8907\" srcset=\"https:\/\/www.apf.ruhr-uni-bochum.de\/wp-content\/uploads\/2023\/03\/2023_03_23_KM_humaine_Fruehjahrsmesse-1-300x200-1-66x66.jpg 66w, https:\/\/www.apf.ruhr-uni-bochum.de\/wp-content\/uploads\/2023\/03\/2023_03_23_KM_humaine_Fruehjahrsmesse-1-300x200-1-150x150.jpg 150w\" sizes=\"(max-width: 150px) 100vw, 150px\" \/><\/a>\n\t\t\t<\/dt>\n\t\t\t\t<dd class='wp-caption-text gallery-caption' id='gallery-1-8907'>\n\t\t\t\tDie Bilder d\u00fcrfen nur im Kontext der Ruhr-Universit\u00e4t Bochum (RUB) unter Angabe des Copyrights \u00a9 RUB, Marquard verwendet werden, zum Beispiel f\u00fcr Webseiten der RUB sowie f\u00fcr Texte oder Webseiten, die sich speziell mit Ereignissen an der RUB oder Leistungen von RUB-Mitgliedern besch\u00e4ftigen. Die Bilder d\u00fcrfen nicht in Kontexten verwendet werden, in denen die RUB nur stellvertretend f\u00fcr Hochschulen im Allgemeinen steht.\n\t\t\t\t<\/dd><\/dl><dl class='gallery-item'>\n\t\t\t<dt class='gallery-icon landscape'>\n\t\t\t\t<a data-rel=\"iLightbox[postimages]\" data-title=\"RUB; Fl\u00fchjahrsmesse, Humaine\" data-caption=\"Die Bilder d\u00fcrfen nur im Kontext der Ruhr-Universit\u00e4t Bochum (RUB) unter Angabe des Copyrights \u00a9 RUB, Marquard verwendet werden, zum Beispiel f\u00fcr Webseiten der RUB sowie f\u00fcr Texte oder Webseiten, die sich speziell mit Ereignissen an der RUB oder Leistungen von RUB-Mitgliedern besch\u00e4ftigen. Die Bilder d\u00fcrfen nicht in Kontexten verwendet werden, in denen die RUB nur stellvertretend f\u00fcr Hochschulen im Allgemeinen steht.\" href='https:\/\/www.apf.ruhr-uni-bochum.de\/en\/2023\/03\/humaine-spring-fair-2023\/rub-fluehjahrsmesse-humaine-3-2\/'><img decoding=\"async\" width=\"150\" height=\"150\" src=\"https:\/\/www.apf.ruhr-uni-bochum.de\/wp-content\/uploads\/2023\/03\/2023_03_23_KM_humaine_Fruehjahrsmesse-2-300x200-1-150x150.jpg\" class=\"attachment-thumbnail size-thumbnail\" alt=\"\" aria-describedby=\"gallery-1-8909\" srcset=\"https:\/\/www.apf.ruhr-uni-bochum.de\/wp-content\/uploads\/2023\/03\/2023_03_23_KM_humaine_Fruehjahrsmesse-2-300x200-1-66x66.jpg 66w, https:\/\/www.apf.ruhr-uni-bochum.de\/wp-content\/uploads\/2023\/03\/2023_03_23_KM_humaine_Fruehjahrsmesse-2-300x200-1-150x150.jpg 150w\" sizes=\"(max-width: 150px) 100vw, 150px\" \/><\/a>\n\t\t\t<\/dt>\n\t\t\t\t<dd class='wp-caption-text gallery-caption' id='gallery-1-8909'>\n\t\t\t\tDie Bilder d\u00fcrfen nur im Kontext der Ruhr-Universit\u00e4t Bochum (RUB) unter Angabe des Copyrights \u00a9 RUB, Marquard verwendet werden, zum Beispiel f\u00fcr Webseiten der RUB sowie f\u00fcr Texte oder Webseiten, die sich speziell mit Ereignissen an der RUB oder Leistungen von RUB-Mitgliedern besch\u00e4ftigen. Die Bilder d\u00fcrfen nicht in Kontexten verwendet werden, in denen die RUB nur stellvertretend f\u00fcr Hochschulen im Allgemeinen steht.\n\t\t\t\t<\/dd><\/dl><br style=\"clear: both\" \/><dl class='gallery-item'>\n\t\t\t<dt class='gallery-icon landscape'>\n\t\t\t\t<a data-rel=\"iLightbox[postimages]\" data-title=\"RUB; Fl\u00fchjahrsmesse, Humaine\" data-caption=\"Die Bilder d\u00fcrfen nur im Kontext der Ruhr-Universit\u00e4t Bochum (RUB) unter Angabe des Copyrights \u00a9 RUB, Marquard verwendet werden, zum Beispiel f\u00fcr Webseiten der RUB sowie f\u00fcr Texte oder Webseiten, die sich speziell mit Ereignissen an der RUB oder Leistungen von RUB-Mitgliedern besch\u00e4ftigen. Die Bilder d\u00fcrfen nicht in Kontexten verwendet werden, in denen die RUB nur stellvertretend f\u00fcr Hochschulen im Allgemeinen steht.\" href='https:\/\/www.apf.ruhr-uni-bochum.de\/en\/2023\/03\/humaine-spring-fair-2023\/rub-fluehjahrsmesse-humaine-4-2\/'><img loading=\"lazy\" decoding=\"async\" width=\"150\" height=\"150\" src=\"https:\/\/www.apf.ruhr-uni-bochum.de\/wp-content\/uploads\/2023\/03\/2023_03_23_KM_humaine_Fruehjahrsmesse-3-300x200-1-150x150.jpg\" class=\"attachment-thumbnail size-thumbnail\" alt=\"\" aria-describedby=\"gallery-1-8911\" srcset=\"https:\/\/www.apf.ruhr-uni-bochum.de\/wp-content\/uploads\/2023\/03\/2023_03_23_KM_humaine_Fruehjahrsmesse-3-300x200-1-66x66.jpg 66w, https:\/\/www.apf.ruhr-uni-bochum.de\/wp-content\/uploads\/2023\/03\/2023_03_23_KM_humaine_Fruehjahrsmesse-3-300x200-1-150x150.jpg 150w\" sizes=\"(max-width: 150px) 100vw, 150px\" \/><\/a>\n\t\t\t<\/dt>\n\t\t\t\t<dd class='wp-caption-text gallery-caption' id='gallery-1-8911'>\n\t\t\t\tDie Bilder d\u00fcrfen nur im Kontext der Ruhr-Universit\u00e4t Bochum (RUB) unter Angabe des Copyrights \u00a9 RUB, Marquard verwendet werden, zum Beispiel f\u00fcr Webseiten der RUB sowie f\u00fcr Texte oder Webseiten, die sich speziell mit Ereignissen an der RUB oder Leistungen von RUB-Mitgliedern besch\u00e4ftigen. Die Bilder d\u00fcrfen nicht in Kontexten verwendet werden, in denen die RUB nur stellvertretend f\u00fcr Hochschulen im Allgemeinen steht.\n\t\t\t\t<\/dd><\/dl><dl class='gallery-item'>\n\t\t\t<dt class='gallery-icon landscape'>\n\t\t\t\t<a data-rel=\"iLightbox[postimages]\" data-title=\"RUB; Fl\u00fchjahrsmesse, Humaine\" data-caption=\"Die Bilder d\u00fcrfen nur im Kontext der Ruhr-Universit\u00e4t Bochum (RUB) unter Angabe des Copyrights \u00a9 RUB, Marquard verwendet werden, zum Beispiel f\u00fcr Webseiten der RUB sowie f\u00fcr Texte oder Webseiten, die sich speziell mit Ereignissen an der RUB oder Leistungen von RUB-Mitgliedern besch\u00e4ftigen. Die Bilder d\u00fcrfen nicht in Kontexten verwendet werden, in denen die RUB nur stellvertretend f\u00fcr Hochschulen im Allgemeinen steht.\" href='https:\/\/www.apf.ruhr-uni-bochum.de\/en\/2023\/03\/humaine-spring-fair-2023\/rub-fluehjahrsmesse-humaine-6-2\/'><img loading=\"lazy\" decoding=\"async\" width=\"150\" height=\"150\" src=\"https:\/\/www.apf.ruhr-uni-bochum.de\/wp-content\/uploads\/2023\/03\/2023_03_23_KM_humaine_Fruehjahrsmesse-5-300x200-1-150x150.jpg\" class=\"attachment-thumbnail size-thumbnail\" alt=\"\" aria-describedby=\"gallery-1-8915\" srcset=\"https:\/\/www.apf.ruhr-uni-bochum.de\/wp-content\/uploads\/2023\/03\/2023_03_23_KM_humaine_Fruehjahrsmesse-5-300x200-1-66x66.jpg 66w, https:\/\/www.apf.ruhr-uni-bochum.de\/wp-content\/uploads\/2023\/03\/2023_03_23_KM_humaine_Fruehjahrsmesse-5-300x200-1-150x150.jpg 150w\" sizes=\"(max-width: 150px) 100vw, 150px\" \/><\/a>\n\t\t\t<\/dt>\n\t\t\t\t<dd class='wp-caption-text gallery-caption' id='gallery-1-8915'>\n\t\t\t\tDie Bilder d\u00fcrfen nur im Kontext der Ruhr-Universit\u00e4t Bochum (RUB) unter Angabe des Copyrights \u00a9 RUB, Marquard verwendet werden, zum Beispiel f\u00fcr Webseiten der RUB sowie f\u00fcr Texte oder Webseiten, die sich speziell mit Ereignissen an der RUB oder Leistungen von RUB-Mitgliedern besch\u00e4ftigen. Die Bilder d\u00fcrfen nicht in Kontexten verwendet werden, in denen die RUB nur stellvertretend f\u00fcr Hochschulen im Allgemeinen steht.\n\t\t\t\t<\/dd><\/dl><dl class='gallery-item'>\n\t\t\t<dt class='gallery-icon landscape'>\n\t\t\t\t<a data-rel=\"iLightbox[postimages]\" data-title=\"RUB; Fl\u00fchjahrsmesse, Humaine\" data-caption=\"Die Bilder d\u00fcrfen nur im Kontext der Ruhr-Universit\u00e4t Bochum (RUB) unter Angabe des Copyrights \u00a9 RUB, Marquard verwendet werden, zum Beispiel f\u00fcr Webseiten der RUB sowie f\u00fcr Texte oder Webseiten, die sich speziell mit Ereignissen an der RUB oder Leistungen von RUB-Mitgliedern besch\u00e4ftigen. Die Bilder d\u00fcrfen nicht in Kontexten verwendet werden, in denen die RUB nur stellvertretend f\u00fcr Hochschulen im Allgemeinen steht.\" href='https:\/\/www.apf.ruhr-uni-bochum.de\/en\/2023\/03\/humaine-spring-fair-2023\/rub-fluehjahrsmesse-humaine-7-2\/'><img loading=\"lazy\" decoding=\"async\" width=\"150\" height=\"150\" src=\"https:\/\/www.apf.ruhr-uni-bochum.de\/wp-content\/uploads\/2023\/03\/2023_03_23_KM_humaine_Fruehjahrsmesse-6-300x200-1-150x150.jpg\" class=\"attachment-thumbnail size-thumbnail\" alt=\"\" aria-describedby=\"gallery-1-8917\" srcset=\"https:\/\/www.apf.ruhr-uni-bochum.de\/wp-content\/uploads\/2023\/03\/2023_03_23_KM_humaine_Fruehjahrsmesse-6-300x200-1-66x66.jpg 66w, https:\/\/www.apf.ruhr-uni-bochum.de\/wp-content\/uploads\/2023\/03\/2023_03_23_KM_humaine_Fruehjahrsmesse-6-300x200-1-150x150.jpg 150w\" sizes=\"(max-width: 150px) 100vw, 150px\" \/><\/a>\n\t\t\t<\/dt>\n\t\t\t\t<dd class='wp-caption-text gallery-caption' id='gallery-1-8917'>\n\t\t\t\tDie Bilder d\u00fcrfen nur im Kontext der Ruhr-Universit\u00e4t Bochum (RUB) unter Angabe des Copyrights \u00a9 RUB, Marquard verwendet werden, zum Beispiel f\u00fcr Webseiten der RUB sowie f\u00fcr Texte oder Webseiten, die sich speziell mit Ereignissen an der RUB oder Leistungen von RUB-Mitgliedern besch\u00e4ftigen. Die Bilder d\u00fcrfen nicht in Kontexten verwendet werden, in denen die RUB nur stellvertretend f\u00fcr Hochschulen im Allgemeinen steht.\n\t\t\t\t<\/dd><\/dl><br style=\"clear: both\" \/><dl class='gallery-item'>\n\t\t\t<dt class='gallery-icon landscape'>\n\t\t\t\t<a data-rel=\"iLightbox[postimages]\" data-title=\"RUB; Fl\u00fchjahrsmesse, Humaine\" data-caption=\"Die Bilder d\u00fcrfen nur im Kontext der Ruhr-Universit\u00e4t Bochum (RUB) unter Angabe des Copyrights \u00a9 RUB, Marquard verwendet werden, zum Beispiel f\u00fcr Webseiten der RUB sowie f\u00fcr Texte oder Webseiten, die sich speziell mit Ereignissen an der RUB oder Leistungen von RUB-Mitgliedern besch\u00e4ftigen. Die Bilder d\u00fcrfen nicht in Kontexten verwendet werden, in denen die RUB nur stellvertretend f\u00fcr Hochschulen im Allgemeinen steht.\" href='https:\/\/www.apf.ruhr-uni-bochum.de\/en\/2023\/03\/humaine-spring-fair-2023\/rub-fluehjahrsmesse-humaine-8-2\/'><img loading=\"lazy\" decoding=\"async\" width=\"150\" height=\"150\" src=\"https:\/\/www.apf.ruhr-uni-bochum.de\/wp-content\/uploads\/2023\/03\/2023_03_23_KM_humaine_Fruehjahrsmesse-7-300x200-1-150x150.jpg\" class=\"attachment-thumbnail size-thumbnail\" alt=\"\" aria-describedby=\"gallery-1-8919\" srcset=\"https:\/\/www.apf.ruhr-uni-bochum.de\/wp-content\/uploads\/2023\/03\/2023_03_23_KM_humaine_Fruehjahrsmesse-7-300x200-1-66x66.jpg 66w, https:\/\/www.apf.ruhr-uni-bochum.de\/wp-content\/uploads\/2023\/03\/2023_03_23_KM_humaine_Fruehjahrsmesse-7-300x200-1-150x150.jpg 150w\" sizes=\"(max-width: 150px) 100vw, 150px\" \/><\/a>\n\t\t\t<\/dt>\n\t\t\t\t<dd class='wp-caption-text gallery-caption' id='gallery-1-8919'>\n\t\t\t\tDie Bilder d\u00fcrfen nur im Kontext der Ruhr-Universit\u00e4t Bochum (RUB) unter Angabe des Copyrights \u00a9 RUB, Marquard verwendet werden, zum Beispiel f\u00fcr Webseiten der RUB sowie f\u00fcr Texte oder Webseiten, die sich speziell mit Ereignissen an der RUB oder Leistungen von RUB-Mitgliedern besch\u00e4ftigen. Die Bilder d\u00fcrfen nicht in Kontexten verwendet werden, in denen die RUB nur stellvertretend f\u00fcr Hochschulen im Allgemeinen steht.\n\t\t\t\t<\/dd><\/dl><dl class='gallery-item'>\n\t\t\t<dt class='gallery-icon landscape'>\n\t\t\t\t<a data-rel=\"iLightbox[postimages]\" data-title=\"RUB; Fl\u00fchjahrsmesse, Humaine\" data-caption=\"Die Bilder d\u00fcrfen nur im Kontext der Ruhr-Universit\u00e4t Bochum (RUB) unter Angabe des Copyrights \u00a9 RUB, Marquard verwendet werden, zum Beispiel f\u00fcr Webseiten der RUB sowie f\u00fcr Texte oder Webseiten, die sich speziell mit Ereignissen an der RUB oder Leistungen von RUB-Mitgliedern besch\u00e4ftigen. Die Bilder d\u00fcrfen nicht in Kontexten verwendet werden, in denen die RUB nur stellvertretend f\u00fcr Hochschulen im Allgemeinen steht.\" href='https:\/\/www.apf.ruhr-uni-bochum.de\/en\/2023\/03\/humaine-spring-fair-2023\/rub-fluehjahrsmesse-humaine-9-2\/'><img loading=\"lazy\" decoding=\"async\" width=\"150\" height=\"150\" src=\"https:\/\/www.apf.ruhr-uni-bochum.de\/wp-content\/uploads\/2023\/03\/2023_03_23_KM_humaine_Fruehjahrsmesse-8-300x200-1-150x150.jpg\" class=\"attachment-thumbnail size-thumbnail\" alt=\"\" aria-describedby=\"gallery-1-8921\" srcset=\"https:\/\/www.apf.ruhr-uni-bochum.de\/wp-content\/uploads\/2023\/03\/2023_03_23_KM_humaine_Fruehjahrsmesse-8-300x200-1-66x66.jpg 66w, https:\/\/www.apf.ruhr-uni-bochum.de\/wp-content\/uploads\/2023\/03\/2023_03_23_KM_humaine_Fruehjahrsmesse-8-300x200-1-150x150.jpg 150w\" sizes=\"(max-width: 150px) 100vw, 150px\" \/><\/a>\n\t\t\t<\/dt>\n\t\t\t\t<dd class='wp-caption-text gallery-caption' id='gallery-1-8921'>\n\t\t\t\tDie Bilder d\u00fcrfen nur im Kontext der Ruhr-Universit\u00e4t Bochum (RUB) unter Angabe des Copyrights \u00a9 RUB, Marquard verwendet werden, zum Beispiel f\u00fcr Webseiten der RUB sowie f\u00fcr Texte oder Webseiten, die sich speziell mit Ereignissen an der RUB oder Leistungen von RUB-Mitgliedern besch\u00e4ftigen. Die Bilder d\u00fcrfen nicht in Kontexten verwendet werden, in denen die RUB nur stellvertretend f\u00fcr Hochschulen im Allgemeinen steht.\n\t\t\t\t<\/dd><\/dl><dl class='gallery-item'>\n\t\t\t<dt class='gallery-icon landscape'>\n\t\t\t\t<a data-rel=\"iLightbox[postimages]\" data-title=\"RUB; Fl\u00fchjahrsmesse, Humaine\" data-caption=\"Die Bilder d\u00fcrfen nur im Kontext der Ruhr-Universit\u00e4t Bochum (RUB) unter Angabe des Copyrights \u00a9 RUB, Marquard verwendet werden, zum Beispiel f\u00fcr Webseiten der RUB sowie f\u00fcr Texte oder Webseiten, die sich speziell mit Ereignissen an der RUB oder Leistungen von RUB-Mitgliedern besch\u00e4ftigen. Die Bilder d\u00fcrfen nicht in Kontexten verwendet werden, in denen die RUB nur stellvertretend f\u00fcr Hochschulen im Allgemeinen steht.\" href='https:\/\/www.apf.ruhr-uni-bochum.de\/en\/2023\/03\/humaine-spring-fair-2023\/rub-fluehjahrsmesse-humaine-11-2\/'><img loading=\"lazy\" decoding=\"async\" width=\"150\" height=\"150\" src=\"https:\/\/www.apf.ruhr-uni-bochum.de\/wp-content\/uploads\/2023\/03\/2023_03_23_KM_humaine_Fruehjahrsmesse-12-300x200-1-150x150.jpg\" class=\"attachment-thumbnail size-thumbnail\" alt=\"\" aria-describedby=\"gallery-1-8925\" srcset=\"https:\/\/www.apf.ruhr-uni-bochum.de\/wp-content\/uploads\/2023\/03\/2023_03_23_KM_humaine_Fruehjahrsmesse-12-300x200-1-66x66.jpg 66w, https:\/\/www.apf.ruhr-uni-bochum.de\/wp-content\/uploads\/2023\/03\/2023_03_23_KM_humaine_Fruehjahrsmesse-12-300x200-1-150x150.jpg 150w\" sizes=\"(max-width: 150px) 100vw, 150px\" \/><\/a>\n\t\t\t<\/dt>\n\t\t\t\t<dd class='wp-caption-text gallery-caption' id='gallery-1-8925'>\n\t\t\t\tDie Bilder d\u00fcrfen nur im Kontext der Ruhr-Universit\u00e4t Bochum (RUB) unter Angabe des Copyrights \u00a9 RUB, Marquard verwendet werden, zum Beispiel f\u00fcr Webseiten der RUB sowie f\u00fcr Texte oder Webseiten, die sich speziell mit Ereignissen an der RUB oder Leistungen von RUB-Mitgliedern besch\u00e4ftigen. Die Bilder d\u00fcrfen nicht in Kontexten verwendet werden, in denen die RUB nur stellvertretend f\u00fcr Hochschulen im Allgemeinen steht.\n\t\t\t\t<\/dd><\/dl><br style=\"clear: both\" \/>\n\t\t<\/div>\n\n<p>&nbsp;<\/p>\n<p style=\"text-align: center;\">Picture \u00a9RUB, Marquard<\/p>\n<p>&nbsp;<\/p>\n<p><strong>HUMAINE is supported by research and politics<\/strong><\/p>\n<p>Motivating words came via video message from Parliamentary State Secretary Mario Brandenburg. He emphasized the relevance of human-centeredness for AI applications in a digitalized society. The Rectorate of Ruhr-Universit\u00e4t Bochum, represented by Professor G\u00fcnther Meschke (Prorector for Research and Transfer), presented the role of the HUMAINE Competence Center as a puzzle piece of the RUB&#8217;s transfer strategy on the Mark 51\u00b07 science campus. Afterwards, the project leader Professor Uta Wilkens (Institute of Work Science) opened the decentralized part of the event. In her address, she too recalled the recent positioning of the German Ethics Council on the role of humans at work with artificial intelligence, which coincides with the goals of the Competence Center.<\/p>\n<p><strong>The exhibits showed the broad spectrum of methods and applications from the fields of industry and health care management.<\/strong><\/p>\n<p>With 20 exhibits to look at and experience for themselves, the more than 30 players in the project consortium presented the project results to date to an interested audience. In addition to demonstrators for speech recognition and therapy support in speech therapy, defacing of MRI data or image recognition in quality assurance, visitors were able to try out for themselves the first prototype of a simulation lab for role development when working with AI. The concept for permanent collaboration beyond the funded project period was also presented and discussed. In addition, the practice partners from the pilot applications took the opportunity to show the progress and results of their applications and experiences with AI. This created many opportunities for intensive exchange between partners and interested parties from research and practice.<\/p>\n","protected":false},"excerpt":{"rendered":"<p>Picture \u00a9RUB, Marquard On March 23, 2023, more than 100 guests accepted the invitation of the HUMAINE Competence Center to attend their public meta-milestone meeting in the form of a Spring Fair. The human being at the center of <a href=\"https:\/\/www.apf.ruhr-uni-bochum.de\/en\/2023\/03\/humaine-spring-fair-2023\/\"> [&#8230;]<\/a><\/p>\n","protected":false},"author":1,"featured_media":1588,"comment_status":"closed","ping_status":"open","sticky":false,"template":"","format":"standard","meta":{"footnotes":""},"categories":[50],"tags":[],"class_list":["post-9397","post","type-post","status-publish","format-standard","has-post-thumbnail","hentry","category-2023-en"],"_links":{"self":[{"href":"https:\/\/www.apf.ruhr-uni-bochum.de\/en\/wp-json\/wp\/v2\/posts\/9397","targetHints":{"allow":["GET"]}}],"collection":[{"href":"https:\/\/www.apf.ruhr-uni-bochum.de\/en\/wp-json\/wp\/v2\/posts"}],"about":[{"href":"https:\/\/www.apf.ruhr-uni-bochum.de\/en\/wp-json\/wp\/v2\/types\/post"}],"author":[{"embeddable":true,"href":"https:\/\/www.apf.ruhr-uni-bochum.de\/en\/wp-json\/wp\/v2\/users\/1"}],"replies":[{"embeddable":true,"href":"https:\/\/www.apf.ruhr-uni-bochum.de\/en\/wp-json\/wp\/v2\/comments?post=9397"}],"version-history":[{"count":0,"href":"https:\/\/www.apf.ruhr-uni-bochum.de\/en\/wp-json\/wp\/v2\/posts\/9397\/revisions"}],"wp:featuredmedia":[{"embeddable":true,"href":"https:\/\/www.apf.ruhr-uni-bochum.de\/en\/wp-json\/wp\/v2\/media\/1588"}],"wp:attachment":[{"href":"https:\/\/www.apf.ruhr-uni-bochum.de\/en\/wp-json\/wp\/v2\/media?parent=9397"}],"wp:term":[{"taxonomy":"category","embeddable":true,"href":"https:\/\/www.apf.ruhr-uni-bochum.de\/en\/wp-json\/wp\/v2\/categories?post=9397"},{"taxonomy":"post_tag","embeddable":true,"href":"https:\/\/www.apf.ruhr-uni-bochum.de\/en\/wp-json\/wp\/v2\/tags?post=9397"}],"curies":[{"name":"wp","href":"https:\/\/api.w.org\/{rel}","templated":true}]}}